{"id":10423,"date":"2024-05-16T10:25:00","date_gmt":"2024-05-16T10:25:00","guid":{"rendered":"https:\/\/madera.airmatic.es\/cube-3-compacta-i-accessible-amb-tecnologia-weinig\/"},"modified":"2024-05-16T10:25:00","modified_gmt":"2024-05-16T10:25:00","slug":"cube-3-compacta-i-accessible-amb-tecnologia-weinig","status":"publish","type":"post","link":"https:\/\/madera.airmatic.es\/ca\/cube-3-compacta-i-accessible-amb-tecnologia-weinig\/","title":{"rendered":"CUBE 3: Compacta i accessible amb tecnologia Weinig"},"content":{"rendered":"<p>Des de sempre, la fusta ha estat un material essencial en la construcci\u00f3 i el disseny, apreciada per la seva durabilitat, bellesa i versatilitat. Impulsada pels aven\u00e7os tecnol\u00f2gics i un creixent enfocament en la sostenibilitat, ha demostrat la seva rellev\u00e0ncia al m\u00f3n actual, trobant el seu lloc no nom\u00e9s en la construcci\u00f3, sin\u00f3 tamb\u00e9 en m\u00faltiples \u00e0rees de la nostra vida quotidiana. Treballar amb fusta, un material viu a qu\u00e8 el client exigeix \u200b\u200bun acabat prec\u00eds i elegant, presenta desafiaments \u00fanics. Tot i aix\u00f2, les solucions no han trigat a arribar. Amb m\u00e9s d\u00b4un segle d\u00b4experi\u00e8ncia al sector, Weinig s\u00b4ha erigit com a referent global en solucions tecnol\u00f2giques per al treball de la fusta.<\/p>\n<p>&nbsp;<\/p>\n<p>Des del llan\u00e7ament de la CUBE 3, Weinig ha sobrepassat totes les expectatives. Aquesta raspalladora de quatre cares no nom\u00e9s representa una fita en l&#8217;evoluci\u00f3 del tractament de la fusta massissa, sin\u00f3 que tamb\u00e9 es posiciona a la cimera de qualitat i efici\u00e8ncia. Combina, en una m\u00e0quina a l&#8217;abast de la majoria dels professionals, la compactibilitat amb la tecnologia avantguardista de Weinig.  <\/p>\n<p>&nbsp;<\/p>\n<p><strong>Efici\u00e8ncia i Precisi\u00f3 a Cada Pe\u00e7a<\/strong><\/p>\n<p>Avui dia, la demanda de rapidesa i precisi\u00f3 \u00e9s implacable. La CUBE 3 ha estat dissenyada per enfrontar aquesta necessitat. Gr\u00e0cies a la pantalla t\u00e0ctil de 10\u201d, ofereix un maneig intu\u00eftiu. Amb ajustaments per motor autom\u00e0tics i eines EasyLock, permet un canvi r\u00e0pid de fulles, optimitzant el proc\u00e9s i garantint la precisi\u00f3. La CUBE 3 raspalla les quatre cares en una sola passada, <strong>sent deu vegades m\u00e9s r\u00e0pida<\/strong> i segura que les m\u00e0quines convencionals.    <\/p>\n<p>&nbsp;<\/p>\n<p><strong>Innovaci\u00f3 en Disseny i Funcionalitat<\/strong><\/p>\n<p>La CUBE 3 est\u00e0 dissenyada per garantir zero errors de mecanitzat. La implementaci\u00f3 de l\u00e0sers MoulderPreView, que projecten la posici\u00f3 de les clavegueres, evita errors comuns al raspallat, estalviant en material i temps. El seu disseny compacte i robust, combinat amb la base DUROCEM, absorbeix vibracions i garanteix resultats d&#8217;alta qualitat. Gr\u00e0cies al disseny compacte i ocupant poc espai, ofereix un plus en flexibilitat d&#8217;ubicaci\u00f3, adaptant-se a diferents tallers i espais.   <\/p>\n<p>&nbsp;<\/p>\n<p><strong>Versatilitat sense Precedents<\/strong><\/p>\n<p>Una caracter\u00edstica que distingeix la CUBE 3 \u00e9s la seva capacitat per manejar diverses dimensions de fusta. Des d&#8217;un llist\u00f3 prim fins a una biga robusta, tot \u00e9s possible amb aquesta m\u00e0quina. I amb caracter\u00edstiques addicionals com l&#8217;apilador autom\u00e0tic i el transportador de tornada RFC 15, l&#8217;efici\u00e8ncia es potencia, permetent a un sol operador manejar la m\u00e0quina sense complicacions.  <\/p>\n<p><img fetchpriority=\"high\" decoding=\"async\" class=\"alignnone wp-image-10420 size-medium\" src=\"https:\/\/madera.airmatic.es\/wp-content\/uploads\/2024\/05\/ANUARI_CUBE_FOTO2-172x300.webp\" alt=\"\" width=\"172\" height=\"300\" srcset=\"https:\/\/madera.airmatic.es\/wp-content\/uploads\/2024\/05\/ANUARI_CUBE_FOTO2-172x300.webp 172w, https:\/\/madera.airmatic.es\/wp-content\/uploads\/2024\/05\/ANUARI_CUBE_FOTO2.webp 474w\" sizes=\"(max-width: 172px) 100vw, 172px\" \/><\/p>\n<p><strong>Aplicacions Il\u00b7limitades amb CUBE 3<\/strong><\/p>\n<p>Les possibilitats amb la CUBE 3 s\u00f3n immenses. A l&#8217;\u00e0mbit del mobiliari de luxe, aquesta eina facilita l&#8217;obtenci\u00f3 de fusta meticulosament raspallada, apta per personalitzar des de cadires fins a sofisticats marcs de llit. Tot i aix\u00f2, les aplicacions de la CUBE 3 no es limiten al mobiliari. Tamb\u00e9 \u00e9s possible produir revestiments i elements arquitect\u00f2nics gr\u00e0cies a la seva precisi\u00f3 i versatilitat, oferint a arquitectes i dissenyadors una eina valuosa per elevar els seus projectes al proper nivell.   <\/p>\n<p>&nbsp;<\/p>\n<p><strong>Innovaci\u00f3 i Comprom\u00eds amb el Futur de la Fusta<\/strong><\/p>\n<p>La hist\u00f2ria de Weinig a la ind\u00fastria fustera \u00e9s rica i extensa. El seu enfocament constant a la innovaci\u00f3 ha portat a la creaci\u00f3 de solucions que canvien el joc, i la CUBE 3 no n&#8217;\u00e9s l&#8217;excepci\u00f3. M\u00e9s enll\u00e0 de ser una simple eina, representa un comprom\u00eds amb l&#8217;excel\u00b7l\u00e8ncia, la innovaci\u00f3 i la transformaci\u00f3 al m\u00f3n del mecanitzat de fusta massissa.  <\/p>\n<p>&nbsp;<\/p>\n<p>La CUBE 3 no \u00e9s nom\u00e9s una m\u00e0quina, \u00e9s una visi\u00f3 del futur de la ind\u00fastria fustera. En un mercat que canvia i evoluciona, tenir eines que ofereixen precisi\u00f3, efici\u00e8ncia i versatilitat \u00e9s essencial. Per a aquells en la ind\u00fastria fustera, invertir a la CUBE 3 no \u00e9s nom\u00e9s invertir en una m\u00e0quina, sin\u00f3 en el futur del seu negoci.  <\/p>\n<p>&nbsp;<\/p>\n<p>Weinig ha demostrat una vegada m\u00e9s el comprom\u00eds amb la innovaci\u00f3 i l&#8217;excel\u00b7l\u00e8ncia. La CUBE 3 \u00e9s una invitaci\u00f3 a descobrir el veritable potencial de la fusta massissa. \u00c9s hora d&#8217;unir-se a aquesta revoluci\u00f3 i redefinir el que \u00e9s possible al m\u00f3n del mecanitzat de fusta.  <\/p>\n<p>&nbsp;<\/p>\n<p>Per a m\u00e9s informaci\u00f3 sobre la Cube 3 i motlluradores, visita la nostra p\u00e0gina de producte i assessora&#8217;t amb un dels nostres professionals: https:\/\/madera.airmatic.es\/moldureras\/<\/p>\n","protected":false},"excerpt":{"rendered":"<p>Des de sempre, la fusta ha estat un material essencial en la construcci\u00f3 i el disseny, apreciada per la seva durabilitat, bellesa i versatilitat. Impulsada pels aven\u00e7os tecnol\u00f2gics i un creixent enfocament en la sostenibilitat, ha demostrat la seva rellev\u00e0ncia al m\u00f3n actual, trobant el seu lloc no nom\u00e9s en la construcci\u00f3, sin\u00f3 tamb\u00e9 en [&hellip;]<\/p>\n","protected":false},"author":2,"featured_media":10418,"comment_status":"closed","ping_status":"closed","sticky":false,"template":"","format":"standard","meta":{"footnotes":""},"categories":[88,48,86],"tags":[102],"class_list":["post-10423","post","type-post","status-publish","format-standard","has-post-thumbnail","hentry","category-construccio-amb-fusta-i-clt","category-fusta","category-novetats-tecnologiques","tag-motllureres"],"yoast_head":"<!-- This site is optimized with the Yoast SEO plugin v27.5 - https:\/\/yoast.com\/product\/yoast-seo-wordpress\/ -->\n<title>CUBE 3: Compacta i accessible amb tecnologia Weinig - Airmatic Madera<\/title>\n<meta name=\"description\" content=\"La cube 3, la motlluradora quatre cares r\u00e0pida, precisa i compacta per al teu taller.\" \/>\n<meta name=\"robots\" content=\"index, follow, max-snippet:-1, max-image-preview:large, max-video-preview:-1\" \/>\n<link rel=\"canonical\" href=\"https:\/\/madera.airmatic.es\/ca\/cube-3-compacta-i-accessible-amb-tecnologia-weinig\/\" \/>\n<meta property=\"og:locale\" content=\"ca_ES\" \/>\n<meta property=\"og:type\" content=\"article\" \/>\n<meta property=\"og:title\" content=\"CUBE 3: Compacta i accessible amb tecnologia Weinig - Airmatic Madera\" \/>\n<meta property=\"og:description\" content=\"La cube 3, la motlluradora quatre cares r\u00e0pida, precisa i compacta per al teu taller.\" \/>\n<meta property=\"og:url\" content=\"https:\/\/madera.airmatic.es\/ca\/cube-3-compacta-i-accessible-amb-tecnologia-weinig\/\" \/>\n<meta property=\"og:site_name\" content=\"Airmatic Madera\" \/>\n<meta property=\"article:published_time\" content=\"2024-05-16T10:25:00+00:00\" \/>\n<meta property=\"og:image\" content=\"https:\/\/madera.airmatic.es\/wp-content\/uploads\/2024\/05\/ANUARI_CUBE_FOTO1.webp\" \/>\n\t<meta property=\"og:image:width\" content=\"800\" \/>\n\t<meta property=\"og:image:height\" content=\"475\" \/>\n\t<meta property=\"og:image:type\" content=\"image\/webp\" \/>\n<meta name=\"author\" content=\"Mireia Mar\u00edn\" \/>\n<meta name=\"twitter:card\" content=\"summary_large_image\" \/>\n<meta name=\"twitter:label1\" content=\"Escrit per\" \/>\n\t<meta name=\"twitter:data1\" content=\"Mireia Mar\u00edn\" \/>\n\t<meta name=\"twitter:label2\" content=\"Temps estimat de lectura\" \/>\n\t<meta name=\"twitter:data2\" content=\"4 minuts\" \/>\n<script type=\"application\/ld+json\" class=\"yoast-schema-graph\">{\"@context\":\"https:\\\/\\\/schema.org\",\"@graph\":[{\"@type\":\"Article\",\"@id\":\"https:\\\/\\\/madera.airmatic.es\\\/ca\\\/cube-3-compacta-i-accessible-amb-tecnologia-weinig\\\/#article\",\"isPartOf\":{\"@id\":\"https:\\\/\\\/madera.airmatic.es\\\/ca\\\/cube-3-compacta-i-accessible-amb-tecnologia-weinig\\\/\"},\"author\":{\"name\":\"Mireia Mar\u00edn\",\"@id\":\"https:\\\/\\\/madera.airmatic.es\\\/ca\\\/#\\\/schema\\\/person\\\/90df12b13c397879bbd63fc02fa1b4fb\"},\"headline\":\"CUBE 3: Compacta i accessible amb tecnologia Weinig\",\"datePublished\":\"2024-05-16T10:25:00+00:00\",\"mainEntityOfPage\":{\"@id\":\"https:\\\/\\\/madera.airmatic.es\\\/ca\\\/cube-3-compacta-i-accessible-amb-tecnologia-weinig\\\/\"},\"wordCount\":759,\"publisher\":{\"@id\":\"https:\\\/\\\/madera.airmatic.es\\\/ca\\\/#organization\"},\"image\":{\"@id\":\"https:\\\/\\\/madera.airmatic.es\\\/ca\\\/cube-3-compacta-i-accessible-amb-tecnologia-weinig\\\/#primaryimage\"},\"thumbnailUrl\":\"https:\\\/\\\/madera.airmatic.es\\\/wp-content\\\/uploads\\\/2024\\\/05\\\/ANUARI_CUBE_FOTO1.webp\",\"keywords\":[\"motllureres\"],\"articleSection\":[\"Construcci\u00f3 amb fusta i CLT\",\"Fusta\",\"Novetats Tecnol\u00f2giques.\"],\"inLanguage\":\"ca\"},{\"@type\":\"WebPage\",\"@id\":\"https:\\\/\\\/madera.airmatic.es\\\/ca\\\/cube-3-compacta-i-accessible-amb-tecnologia-weinig\\\/\",\"url\":\"https:\\\/\\\/madera.airmatic.es\\\/ca\\\/cube-3-compacta-i-accessible-amb-tecnologia-weinig\\\/\",\"name\":\"CUBE 3: Compacta i accessible amb tecnologia Weinig - Airmatic Madera\",\"isPartOf\":{\"@id\":\"https:\\\/\\\/madera.airmatic.es\\\/ca\\\/#website\"},\"primaryImageOfPage\":{\"@id\":\"https:\\\/\\\/madera.airmatic.es\\\/ca\\\/cube-3-compacta-i-accessible-amb-tecnologia-weinig\\\/#primaryimage\"},\"image\":{\"@id\":\"https:\\\/\\\/madera.airmatic.es\\\/ca\\\/cube-3-compacta-i-accessible-amb-tecnologia-weinig\\\/#primaryimage\"},\"thumbnailUrl\":\"https:\\\/\\\/madera.airmatic.es\\\/wp-content\\\/uploads\\\/2024\\\/05\\\/ANUARI_CUBE_FOTO1.webp\",\"datePublished\":\"2024-05-16T10:25:00+00:00\",\"description\":\"La cube 3, la motlluradora quatre cares r\u00e0pida, precisa i compacta per al teu taller.\",\"breadcrumb\":{\"@id\":\"https:\\\/\\\/madera.airmatic.es\\\/ca\\\/cube-3-compacta-i-accessible-amb-tecnologia-weinig\\\/#breadcrumb\"},\"inLanguage\":\"ca\",\"potentialAction\":[{\"@type\":\"ReadAction\",\"target\":[\"https:\\\/\\\/madera.airmatic.es\\\/ca\\\/cube-3-compacta-i-accessible-amb-tecnologia-weinig\\\/\"]}]},{\"@type\":\"ImageObject\",\"inLanguage\":\"ca\",\"@id\":\"https:\\\/\\\/madera.airmatic.es\\\/ca\\\/cube-3-compacta-i-accessible-amb-tecnologia-weinig\\\/#primaryimage\",\"url\":\"https:\\\/\\\/madera.airmatic.es\\\/wp-content\\\/uploads\\\/2024\\\/05\\\/ANUARI_CUBE_FOTO1.webp\",\"contentUrl\":\"https:\\\/\\\/madera.airmatic.es\\\/wp-content\\\/uploads\\\/2024\\\/05\\\/ANUARI_CUBE_FOTO1.webp\",\"width\":800,\"height\":475},{\"@type\":\"BreadcrumbList\",\"@id\":\"https:\\\/\\\/madera.airmatic.es\\\/ca\\\/cube-3-compacta-i-accessible-amb-tecnologia-weinig\\\/#breadcrumb\",\"itemListElement\":[{\"@type\":\"ListItem\",\"position\":1,\"name\":\"Portada\",\"item\":\"https:\\\/\\\/madera.airmatic.es\\\/ca\\\/inici\\\/\"},{\"@type\":\"ListItem\",\"position\":2,\"name\":\"CUBE 3: Compacta i accessible amb tecnologia Weinig\"}]},{\"@type\":\"WebSite\",\"@id\":\"https:\\\/\\\/madera.airmatic.es\\\/ca\\\/#website\",\"url\":\"https:\\\/\\\/madera.airmatic.es\\\/ca\\\/\",\"name\":\"Airmatic Madera\",\"description\":\"M\u00e0quinaria y software per a la fusta\",\"publisher\":{\"@id\":\"https:\\\/\\\/madera.airmatic.es\\\/ca\\\/#organization\"},\"potentialAction\":[{\"@type\":\"SearchAction\",\"target\":{\"@type\":\"EntryPoint\",\"urlTemplate\":\"https:\\\/\\\/madera.airmatic.es\\\/ca\\\/?s={search_term_string}\"},\"query-input\":{\"@type\":\"PropertyValueSpecification\",\"valueRequired\":true,\"valueName\":\"search_term_string\"}}],\"inLanguage\":\"ca\"},{\"@type\":\"Organization\",\"@id\":\"https:\\\/\\\/madera.airmatic.es\\\/ca\\\/#organization\",\"name\":\"Airmatic Madera\",\"url\":\"https:\\\/\\\/madera.airmatic.es\\\/ca\\\/\",\"logo\":{\"@type\":\"ImageObject\",\"inLanguage\":\"ca\",\"@id\":\"https:\\\/\\\/madera.airmatic.es\\\/ca\\\/#\\\/schema\\\/logo\\\/image\\\/\",\"url\":\"https:\\\/\\\/madera.airmatic.es\\\/wp-content\\\/uploads\\\/2023\\\/10\\\/Logotip-Airmatic.png\",\"contentUrl\":\"https:\\\/\\\/madera.airmatic.es\\\/wp-content\\\/uploads\\\/2023\\\/10\\\/Logotip-Airmatic.png\",\"width\":2953,\"height\":932,\"caption\":\"Airmatic Madera\"},\"image\":{\"@id\":\"https:\\\/\\\/madera.airmatic.es\\\/ca\\\/#\\\/schema\\\/logo\\\/image\\\/\"}},{\"@type\":\"Person\",\"@id\":\"https:\\\/\\\/madera.airmatic.es\\\/ca\\\/#\\\/schema\\\/person\\\/90df12b13c397879bbd63fc02fa1b4fb\",\"name\":\"Mireia Mar\u00edn\"}]}<\/script>\n<!-- \/ Yoast SEO plugin. -->","yoast_head_json":{"title":"CUBE 3: Compacta i accessible amb tecnologia Weinig - Airmatic Madera","description":"La cube 3, la motlluradora quatre cares r\u00e0pida, precisa i compacta per al teu taller.","robots":{"index":"index","follow":"follow","max-snippet":"max-snippet:-1","max-image-preview":"max-image-preview:large","max-video-preview":"max-video-preview:-1"},"canonical":"https:\/\/madera.airmatic.es\/ca\/cube-3-compacta-i-accessible-amb-tecnologia-weinig\/","og_locale":"ca_ES","og_type":"article","og_title":"CUBE 3: Compacta i accessible amb tecnologia Weinig - Airmatic Madera","og_description":"La cube 3, la motlluradora quatre cares r\u00e0pida, precisa i compacta per al teu taller.","og_url":"https:\/\/madera.airmatic.es\/ca\/cube-3-compacta-i-accessible-amb-tecnologia-weinig\/","og_site_name":"Airmatic Madera","article_published_time":"2024-05-16T10:25:00+00:00","og_image":[{"width":800,"height":475,"url":"https:\/\/madera.airmatic.es\/wp-content\/uploads\/2024\/05\/ANUARI_CUBE_FOTO1.webp","type":"image\/webp"}],"author":"Mireia Mar\u00edn","twitter_card":"summary_large_image","twitter_misc":{"Escrit per":"Mireia Mar\u00edn","Temps estimat de lectura":"4 minuts"},"schema":{"@context":"https:\/\/schema.org","@graph":[{"@type":"Article","@id":"https:\/\/madera.airmatic.es\/ca\/cube-3-compacta-i-accessible-amb-tecnologia-weinig\/#article","isPartOf":{"@id":"https:\/\/madera.airmatic.es\/ca\/cube-3-compacta-i-accessible-amb-tecnologia-weinig\/"},"author":{"name":"Mireia Mar\u00edn","@id":"https:\/\/madera.airmatic.es\/ca\/#\/schema\/person\/90df12b13c397879bbd63fc02fa1b4fb"},"headline":"CUBE 3: Compacta i accessible amb tecnologia Weinig","datePublished":"2024-05-16T10:25:00+00:00","mainEntityOfPage":{"@id":"https:\/\/madera.airmatic.es\/ca\/cube-3-compacta-i-accessible-amb-tecnologia-weinig\/"},"wordCount":759,"publisher":{"@id":"https:\/\/madera.airmatic.es\/ca\/#organization"},"image":{"@id":"https:\/\/madera.airmatic.es\/ca\/cube-3-compacta-i-accessible-amb-tecnologia-weinig\/#primaryimage"},"thumbnailUrl":"https:\/\/madera.airmatic.es\/wp-content\/uploads\/2024\/05\/ANUARI_CUBE_FOTO1.webp","keywords":["motllureres"],"articleSection":["Construcci\u00f3 amb fusta i CLT","Fusta","Novetats Tecnol\u00f2giques."],"inLanguage":"ca"},{"@type":"WebPage","@id":"https:\/\/madera.airmatic.es\/ca\/cube-3-compacta-i-accessible-amb-tecnologia-weinig\/","url":"https:\/\/madera.airmatic.es\/ca\/cube-3-compacta-i-accessible-amb-tecnologia-weinig\/","name":"CUBE 3: Compacta i accessible amb tecnologia Weinig - Airmatic Madera","isPartOf":{"@id":"https:\/\/madera.airmatic.es\/ca\/#website"},"primaryImageOfPage":{"@id":"https:\/\/madera.airmatic.es\/ca\/cube-3-compacta-i-accessible-amb-tecnologia-weinig\/#primaryimage"},"image":{"@id":"https:\/\/madera.airmatic.es\/ca\/cube-3-compacta-i-accessible-amb-tecnologia-weinig\/#primaryimage"},"thumbnailUrl":"https:\/\/madera.airmatic.es\/wp-content\/uploads\/2024\/05\/ANUARI_CUBE_FOTO1.webp","datePublished":"2024-05-16T10:25:00+00:00","description":"La cube 3, la motlluradora quatre cares r\u00e0pida, precisa i compacta per al teu taller.","breadcrumb":{"@id":"https:\/\/madera.airmatic.es\/ca\/cube-3-compacta-i-accessible-amb-tecnologia-weinig\/#breadcrumb"},"inLanguage":"ca","potentialAction":[{"@type":"ReadAction","target":["https:\/\/madera.airmatic.es\/ca\/cube-3-compacta-i-accessible-amb-tecnologia-weinig\/"]}]},{"@type":"ImageObject","inLanguage":"ca","@id":"https:\/\/madera.airmatic.es\/ca\/cube-3-compacta-i-accessible-amb-tecnologia-weinig\/#primaryimage","url":"https:\/\/madera.airmatic.es\/wp-content\/uploads\/2024\/05\/ANUARI_CUBE_FOTO1.webp","contentUrl":"https:\/\/madera.airmatic.es\/wp-content\/uploads\/2024\/05\/ANUARI_CUBE_FOTO1.webp","width":800,"height":475},{"@type":"BreadcrumbList","@id":"https:\/\/madera.airmatic.es\/ca\/cube-3-compacta-i-accessible-amb-tecnologia-weinig\/#breadcrumb","itemListElement":[{"@type":"ListItem","position":1,"name":"Portada","item":"https:\/\/madera.airmatic.es\/ca\/inici\/"},{"@type":"ListItem","position":2,"name":"CUBE 3: Compacta i accessible amb tecnologia Weinig"}]},{"@type":"WebSite","@id":"https:\/\/madera.airmatic.es\/ca\/#website","url":"https:\/\/madera.airmatic.es\/ca\/","name":"Airmatic Madera","description":"M\u00e0quinaria y software per a la fusta","publisher":{"@id":"https:\/\/madera.airmatic.es\/ca\/#organization"},"potentialAction":[{"@type":"SearchAction","target":{"@type":"EntryPoint","urlTemplate":"https:\/\/madera.airmatic.es\/ca\/?s={search_term_string}"},"query-input":{"@type":"PropertyValueSpecification","valueRequired":true,"valueName":"search_term_string"}}],"inLanguage":"ca"},{"@type":"Organization","@id":"https:\/\/madera.airmatic.es\/ca\/#organization","name":"Airmatic Madera","url":"https:\/\/madera.airmatic.es\/ca\/","logo":{"@type":"ImageObject","inLanguage":"ca","@id":"https:\/\/madera.airmatic.es\/ca\/#\/schema\/logo\/image\/","url":"https:\/\/madera.airmatic.es\/wp-content\/uploads\/2023\/10\/Logotip-Airmatic.png","contentUrl":"https:\/\/madera.airmatic.es\/wp-content\/uploads\/2023\/10\/Logotip-Airmatic.png","width":2953,"height":932,"caption":"Airmatic Madera"},"image":{"@id":"https:\/\/madera.airmatic.es\/ca\/#\/schema\/logo\/image\/"}},{"@type":"Person","@id":"https:\/\/madera.airmatic.es\/ca\/#\/schema\/person\/90df12b13c397879bbd63fc02fa1b4fb","name":"Mireia Mar\u00edn"}]}},"_links":{"self":[{"href":"https:\/\/madera.airmatic.es\/ca\/wp-json\/wp\/v2\/posts\/10423","targetHints":{"allow":["GET"]}}],"collection":[{"href":"https:\/\/madera.airmatic.es\/ca\/wp-json\/wp\/v2\/posts"}],"about":[{"href":"https:\/\/madera.airmatic.es\/ca\/wp-json\/wp\/v2\/types\/post"}],"author":[{"embeddable":true,"href":"https:\/\/madera.airmatic.es\/ca\/wp-json\/wp\/v2\/users\/2"}],"replies":[{"embeddable":true,"href":"https:\/\/madera.airmatic.es\/ca\/wp-json\/wp\/v2\/comments?post=10423"}],"version-history":[{"count":0,"href":"https:\/\/madera.airmatic.es\/ca\/wp-json\/wp\/v2\/posts\/10423\/revisions"}],"wp:featuredmedia":[{"embeddable":true,"href":"https:\/\/madera.airmatic.es\/ca\/wp-json\/wp\/v2\/media\/10418"}],"wp:attachment":[{"href":"https:\/\/madera.airmatic.es\/ca\/wp-json\/wp\/v2\/media?parent=10423"}],"wp:term":[{"taxonomy":"category","embeddable":true,"href":"https:\/\/madera.airmatic.es\/ca\/wp-json\/wp\/v2\/categories?post=10423"},{"taxonomy":"post_tag","embeddable":true,"href":"https:\/\/madera.airmatic.es\/ca\/wp-json\/wp\/v2\/tags?post=10423"}],"curies":[{"name":"wp","href":"https:\/\/api.w.org\/{rel}","templated":true}]}}