{"id":11175,"date":"2026-01-20T14:31:58","date_gmt":"2026-01-20T14:31:58","guid":{"rendered":"https:\/\/madera.airmatic.es\/?p=11175"},"modified":"2026-03-06T10:13:31","modified_gmt":"2026-03-06T10:13:31","slug":"industrialitzacio-digitalitzacio-i-construccio-amb-fusta-noves-oportunitats-del-sector","status":"publish","type":"post","link":"https:\/\/madera.airmatic.es\/ca\/industrialitzacio-digitalitzacio-i-construccio-amb-fusta-noves-oportunitats-del-sector\/","title":{"rendered":"Industrialitzaci\u00f3, digitalitzaci\u00f3 i construcci\u00f3 amb fusta: Noves oportunitats del sector."},"content":{"rendered":"<p>La fusta ha estat sempre present en la nostra manera de construir, primer com a recurs local per a estructures auxiliars i ornamentaci\u00f3, i m\u00e9s endavant en elements de valor com les cobertes o el mobiliari. Avui, per\u00f2, a Catalunya i arreu d\u2019Europa s\u2019estan fent inversions tecnol\u00f2giques importants que tenen com a objectiu convertir la fusta en el pilar d\u2019una nova manera de construir, m\u00e9s eficient, m\u00e9s sostenible i m\u00e9s industrialitzada. Aquestes inversions es materialitzen en implantacions de plantes de producci\u00f3 pensades espec\u00edficament per al muntatge de panells de CLT, bigues laminades o sistemes modulars prefabricats.<\/p>\n<p>Per afrontar els nous reptes en el treball de la fusta, cal una organitzaci\u00f3 de producci\u00f3 sostenible i eficient. Actualment disposem de les eines digitals que fan possible avan\u00e7ar cap a projectes sostenibles on la fusta n\u2019\u00e9s la protagonista. Els fluxos de processos automatitzats i interconnectats en s\u00f3n la base, i la digitalitzaci\u00f3 n\u2019\u00e9s el component central, ja que garanteix l\u2019intercanvi integral d\u2019informaci\u00f3 entre l\u2019home i la m\u00e0quina. El gran repte \u00e9s aconseguir que tota la cadena de valor, des del bosc fins a l\u2019edifici acabat, funcioni amb una l\u00f2gica industrial i eficientment sostenible.<\/p>\n<h2><strong>Boscos catalans: un recurs estrat\u00e8gic per aprofitar<\/strong><\/h2>\n<p>Catalunya disposa d\u2019un recurs forestal sovint poc aprofitat, amb boscos que cobreixen prop del 65% del territori. Durant d\u00e8cades aquests boscos han patit l\u2019abandonament, amb conseq\u00fc\u00e8ncies com la p\u00e8rdua de biodiversitat, l\u2019increment del risc d\u2019incendis i la depend\u00e8ncia de fusta importada. Industrialitzar la construcci\u00f3 amb fusta tamb\u00e9 significa posar en valor la nostra mat\u00e8ria primera: gestionar els boscos de manera sostenible, activar economies locals, reduir les importacions i generar ocupaci\u00f3 vinculada a la transformaci\u00f3 industrial. La fusta que surt dels nostres boscos pot esdevenir un recurs estrat\u00e8gic si s\u2019articula amb una ind\u00fastria capa\u00e7 de transformar-la en panells, estructures i components constructius d\u2019alt valor afegit.<\/p>\n<h2><strong>La maquin\u00e0ria i la tecnologia, motor de la industrialitzaci\u00f3<\/strong><\/h2>\n<p>En aquest proc\u00e9s la maquin\u00e0ria hi juga un paper clau. La incorporaci\u00f3 recent d\u2019Essetre al grup Weinig n\u2019\u00e9s un exemple clar. Aquesta firma italiana, especialitzada en centres de mecanitzat per a bigues i panells destinats a la construcci\u00f3, aporta al mercat tecnologies dissenyades per optimitzar els processos industrials en la fabricaci\u00f3 de cases de fusta. La seva integraci\u00f3 dins del grup Weinig obre noves possibilitats per a empreses que volen fer el salt del taller a f\u00e0brica, amb solucions que cobreixen tota la cadena: des del tall de precisi\u00f3 fins al muntatge modular. El sector de la maquin\u00e0ria ja no es limita a donar resposta a la producci\u00f3 de mobles o components petits, sin\u00f3 que s\u2019est\u00e0 orientant cada cop m\u00e9s a les necessitats de la construcci\u00f3 en gran format, amb equips capa\u00e7os de mecanitzar parets completes de CLT, forjats i elements tridimensionals que es munten directament a l\u2019obra.<\/p>\n<p>Tot plegat ens acosta al model de cases sostenibles que ja s\u2019estan desenvolupant a pa\u00efsos com \u00c0ustria, Su\u00efssa o Alemanya, on la industrialitzaci\u00f3 de la fusta ha assolit nivells de maduresa molt alts. En aquests pa\u00efsos, els habitatges de fusta s\u00f3n una de les opcions m\u00e9s destacades del mercat immobiliari. A Catalunya encara ens trobem en una fase emergent, per\u00f2 cada cop m\u00e9s promotors, arquitectes i enginyeries aposten per aquesta via, conscients que els edificis industrialitzats amb fusta poden reduir terminis d\u2019obra, minimitzar residus i garantir una efici\u00e8ncia energ\u00e8tica superior.<\/p>\n<p>Si som capa\u00e7os d\u2019alinear la gesti\u00f3 forestal, la ind\u00fastria de transformaci\u00f3 i les tecnologies de producci\u00f3, podrem situar-nos en aquest mateix nivell i convertir la construcci\u00f3 amb fusta en un motor real de competitivitat i sostenibilitat.<\/p>\n<p>\u00c9s interessant observar tamb\u00e9 com alguns sectors podrien reviure gr\u00e0cies a aquest canvi de paradigma. Les finestres en s\u00f3n un bon exemple. Durant segles van fabricar-se en fusta, amb t\u00e8cniques artesanals i una est\u00e8tica que forma part del nostre patrimoni arquitect\u00f2nic. A finals del segle XX, la irrupci\u00f3 de l\u2019alumini i del PVC va despla\u00e7ar la fusta, amb l\u2019argument de la durabilitat i la reducci\u00f3 de manteniment. Avui, per\u00f2, la situaci\u00f3 \u00e9s diferent: la fusta tractada industrialment pot oferir prestacions t\u00e8rmiques i ac\u00fastiques superiors, combinant-se amb sistemes h\u00edbrids de protecci\u00f3 que allarguen la vida \u00fatil i redueixen les necessitats de manteniment. Tornar a potenciar la fabricaci\u00f3 finestres de fusta seria un pas endavant: recuperar un material natural i est\u00e8tic, refor\u00e7ar la circularitat i contribuir a edificis m\u00e9s sostenibles, reconvertit en un producte competitiu amb segell de qualitat i disseny.<\/p>\n<p>Al cap i a la fi, industrialitzar la fusta \u00e9s un exercici de modernitzaci\u00f3 t\u00e8cnica i una aposta de pa\u00eds: aprofitar els boscos com a recurs estrat\u00e8gic, reduir depend\u00e8ncies exteriors i convertir la nostra ind\u00fastria en un actor central dins l\u2019economia verda europea. La gran oportunitat actual no \u00e9s trobar la f\u00f3rmula per fabricar m\u00e9s r\u00e0pid, sin\u00f3 com construir millor: habitatges saludables, ciutats m\u00e9s sostenibles i una economia capa\u00e7 de cr\u00e9ixer arrelada al territori. El repte \u00e9s enorme, per\u00f2 tamb\u00e9 ho \u00e9s l\u2019oportunitat: Catalunya t\u00e9 el recurs, la tradici\u00f3 i ara tamb\u00e9 la tecnologia per convertir la fusta en un dels pilars estrat\u00e8gics de la construcci\u00f3 del futur.<\/p>\n","protected":false},"excerpt":{"rendered":"<p>La fusta ha estat sempre present en la nostra manera de construir, primer com a recurs local per a estructures auxiliars i ornamentaci\u00f3, i m\u00e9s endavant en elements de valor com les cobertes o el mobiliari. Avui, per\u00f2, a Catalunya i arreu d\u2019Europa s\u2019estan fent inversions tecnol\u00f2giques importants que tenen com a objectiu convertir la [&hellip;]<\/p>\n","protected":false},"author":2,"featured_media":11176,"comment_status":"closed","ping_status":"closed","sticky":false,"template":"","format":"standard","meta":{"footnotes":""},"categories":[48],"tags":[],"class_list":["post-11175","post","type-post","status-publish","format-standard","has-post-thumbnail","hentry","category-fusta"],"yoast_head":"<!-- This site is optimized with the Yoast SEO plugin v27.5 - https:\/\/yoast.com\/product\/yoast-seo-wordpress\/ -->\n<title>Industrialitzaci\u00f3 de la fusta en el sector constructiu - Airmatic Madera<\/title>\n<meta name=\"description\" content=\"La industrialitzaci\u00f3 de la fusta impulsa un canvi cap a una construcci\u00f3 m\u00e9s eficient i respectuosa amb el medio ambient a Europa.\" \/>\n<meta name=\"robots\" content=\"index, follow, max-snippet:-1, max-image-preview:large, max-video-preview:-1\" \/>\n<link rel=\"canonical\" href=\"https:\/\/madera.airmatic.es\/ca\/industrialitzacio-digitalitzacio-i-construccio-amb-fusta-noves-oportunitats-del-sector\/\" \/>\n<meta property=\"og:locale\" content=\"ca_ES\" \/>\n<meta property=\"og:type\" content=\"article\" \/>\n<meta property=\"og:title\" content=\"Industrialitzaci\u00f3 de la fusta en el sector constructiu - Airmatic Madera\" \/>\n<meta property=\"og:description\" content=\"La industrialitzaci\u00f3 de la fusta impulsa un canvi cap a una construcci\u00f3 m\u00e9s eficient i respectuosa amb el medio ambient a Europa.\" \/>\n<meta property=\"og:url\" content=\"https:\/\/madera.airmatic.es\/ca\/industrialitzacio-digitalitzacio-i-construccio-amb-fusta-noves-oportunitats-del-sector\/\" \/>\n<meta property=\"og:site_name\" content=\"Airmatic Madera\" \/>\n<meta property=\"article:published_time\" content=\"2026-01-20T14:31:58+00:00\" \/>\n<meta property=\"article:modified_time\" content=\"2026-03-06T10:13:31+00:00\" \/>\n<meta property=\"og:image\" content=\"https:\/\/madera.airmatic.es\/wp-content\/uploads\/2026\/01\/IMATGE-ARTICLE-ANUARI-2025-1-e1768919487851-1024x571.png\" \/>\n\t<meta property=\"og:image:width\" content=\"1024\" \/>\n\t<meta property=\"og:image:height\" content=\"571\" \/>\n\t<meta property=\"og:image:type\" content=\"image\/png\" \/>\n<meta name=\"author\" content=\"Mireia Mar\u00edn\" \/>\n<meta name=\"twitter:card\" content=\"summary_large_image\" \/>\n<meta name=\"twitter:label1\" content=\"Escrit per\" \/>\n\t<meta name=\"twitter:data1\" content=\"Mireia Mar\u00edn\" \/>\n\t<meta name=\"twitter:label2\" content=\"Temps estimat de lectura\" \/>\n\t<meta name=\"twitter:data2\" content=\"5 minuts\" \/>\n<script type=\"application\/ld+json\" class=\"yoast-schema-graph\">{\"@context\":\"https:\\\/\\\/schema.org\",\"@graph\":[{\"@type\":\"Article\",\"@id\":\"https:\\\/\\\/madera.airmatic.es\\\/ca\\\/industrialitzacio-digitalitzacio-i-construccio-amb-fusta-noves-oportunitats-del-sector\\\/#article\",\"isPartOf\":{\"@id\":\"https:\\\/\\\/madera.airmatic.es\\\/ca\\\/industrialitzacio-digitalitzacio-i-construccio-amb-fusta-noves-oportunitats-del-sector\\\/\"},\"author\":{\"name\":\"Mireia Mar\u00edn\",\"@id\":\"https:\\\/\\\/madera.airmatic.es\\\/ca\\\/#\\\/schema\\\/person\\\/90df12b13c397879bbd63fc02fa1b4fb\"},\"headline\":\"Industrialitzaci\u00f3, digitalitzaci\u00f3 i construcci\u00f3 amb fusta: Noves oportunitats del sector.\",\"datePublished\":\"2026-01-20T14:31:58+00:00\",\"dateModified\":\"2026-03-06T10:13:31+00:00\",\"mainEntityOfPage\":{\"@id\":\"https:\\\/\\\/madera.airmatic.es\\\/ca\\\/industrialitzacio-digitalitzacio-i-construccio-amb-fusta-noves-oportunitats-del-sector\\\/\"},\"wordCount\":924,\"publisher\":{\"@id\":\"https:\\\/\\\/madera.airmatic.es\\\/ca\\\/#organization\"},\"image\":{\"@id\":\"https:\\\/\\\/madera.airmatic.es\\\/ca\\\/industrialitzacio-digitalitzacio-i-construccio-amb-fusta-noves-oportunitats-del-sector\\\/#primaryimage\"},\"thumbnailUrl\":\"https:\\\/\\\/madera.airmatic.es\\\/wp-content\\\/uploads\\\/2026\\\/01\\\/IMATGE-ARTICLE-ANUARI-2025-1-e1768919487851.png\",\"articleSection\":[\"Fusta\"],\"inLanguage\":\"ca\"},{\"@type\":\"WebPage\",\"@id\":\"https:\\\/\\\/madera.airmatic.es\\\/ca\\\/industrialitzacio-digitalitzacio-i-construccio-amb-fusta-noves-oportunitats-del-sector\\\/\",\"url\":\"https:\\\/\\\/madera.airmatic.es\\\/ca\\\/industrialitzacio-digitalitzacio-i-construccio-amb-fusta-noves-oportunitats-del-sector\\\/\",\"name\":\"Industrialitzaci\u00f3 de la fusta en el sector constructiu - Airmatic Madera\",\"isPartOf\":{\"@id\":\"https:\\\/\\\/madera.airmatic.es\\\/ca\\\/#website\"},\"primaryImageOfPage\":{\"@id\":\"https:\\\/\\\/madera.airmatic.es\\\/ca\\\/industrialitzacio-digitalitzacio-i-construccio-amb-fusta-noves-oportunitats-del-sector\\\/#primaryimage\"},\"image\":{\"@id\":\"https:\\\/\\\/madera.airmatic.es\\\/ca\\\/industrialitzacio-digitalitzacio-i-construccio-amb-fusta-noves-oportunitats-del-sector\\\/#primaryimage\"},\"thumbnailUrl\":\"https:\\\/\\\/madera.airmatic.es\\\/wp-content\\\/uploads\\\/2026\\\/01\\\/IMATGE-ARTICLE-ANUARI-2025-1-e1768919487851.png\",\"datePublished\":\"2026-01-20T14:31:58+00:00\",\"dateModified\":\"2026-03-06T10:13:31+00:00\",\"description\":\"La industrialitzaci\u00f3 de la fusta impulsa un canvi cap a una construcci\u00f3 m\u00e9s eficient i respectuosa amb el medio ambient a Europa.\",\"breadcrumb\":{\"@id\":\"https:\\\/\\\/madera.airmatic.es\\\/ca\\\/industrialitzacio-digitalitzacio-i-construccio-amb-fusta-noves-oportunitats-del-sector\\\/#breadcrumb\"},\"inLanguage\":\"ca\",\"potentialAction\":[{\"@type\":\"ReadAction\",\"target\":[\"https:\\\/\\\/madera.airmatic.es\\\/ca\\\/industrialitzacio-digitalitzacio-i-construccio-amb-fusta-noves-oportunitats-del-sector\\\/\"]}]},{\"@type\":\"ImageObject\",\"inLanguage\":\"ca\",\"@id\":\"https:\\\/\\\/madera.airmatic.es\\\/ca\\\/industrialitzacio-digitalitzacio-i-construccio-amb-fusta-noves-oportunitats-del-sector\\\/#primaryimage\",\"url\":\"https:\\\/\\\/madera.airmatic.es\\\/wp-content\\\/uploads\\\/2026\\\/01\\\/IMATGE-ARTICLE-ANUARI-2025-1-e1768919487851.png\",\"contentUrl\":\"https:\\\/\\\/madera.airmatic.es\\\/wp-content\\\/uploads\\\/2026\\\/01\\\/IMATGE-ARTICLE-ANUARI-2025-1-e1768919487851.png\",\"width\":1194,\"height\":666,\"caption\":\"estructura de fusta constructiva\"},{\"@type\":\"BreadcrumbList\",\"@id\":\"https:\\\/\\\/madera.airmatic.es\\\/ca\\\/industrialitzacio-digitalitzacio-i-construccio-amb-fusta-noves-oportunitats-del-sector\\\/#breadcrumb\",\"itemListElement\":[{\"@type\":\"ListItem\",\"position\":1,\"name\":\"Portada\",\"item\":\"https:\\\/\\\/madera.airmatic.es\\\/ca\\\/inici\\\/\"},{\"@type\":\"ListItem\",\"position\":2,\"name\":\"Industrialitzaci\u00f3, digitalitzaci\u00f3 i construcci\u00f3 amb fusta: Noves oportunitats del sector.\"}]},{\"@type\":\"WebSite\",\"@id\":\"https:\\\/\\\/madera.airmatic.es\\\/ca\\\/#website\",\"url\":\"https:\\\/\\\/madera.airmatic.es\\\/ca\\\/\",\"name\":\"Airmatic Madera\",\"description\":\"M\u00e0quinaria y software per a la fusta\",\"publisher\":{\"@id\":\"https:\\\/\\\/madera.airmatic.es\\\/ca\\\/#organization\"},\"potentialAction\":[{\"@type\":\"SearchAction\",\"target\":{\"@type\":\"EntryPoint\",\"urlTemplate\":\"https:\\\/\\\/madera.airmatic.es\\\/ca\\\/?s={search_term_string}\"},\"query-input\":{\"@type\":\"PropertyValueSpecification\",\"valueRequired\":true,\"valueName\":\"search_term_string\"}}],\"inLanguage\":\"ca\"},{\"@type\":\"Organization\",\"@id\":\"https:\\\/\\\/madera.airmatic.es\\\/ca\\\/#organization\",\"name\":\"Airmatic Madera\",\"url\":\"https:\\\/\\\/madera.airmatic.es\\\/ca\\\/\",\"logo\":{\"@type\":\"ImageObject\",\"inLanguage\":\"ca\",\"@id\":\"https:\\\/\\\/madera.airmatic.es\\\/ca\\\/#\\\/schema\\\/logo\\\/image\\\/\",\"url\":\"https:\\\/\\\/madera.airmatic.es\\\/wp-content\\\/uploads\\\/2023\\\/10\\\/Logotip-Airmatic.png\",\"contentUrl\":\"https:\\\/\\\/madera.airmatic.es\\\/wp-content\\\/uploads\\\/2023\\\/10\\\/Logotip-Airmatic.png\",\"width\":2953,\"height\":932,\"caption\":\"Airmatic Madera\"},\"image\":{\"@id\":\"https:\\\/\\\/madera.airmatic.es\\\/ca\\\/#\\\/schema\\\/logo\\\/image\\\/\"}},{\"@type\":\"Person\",\"@id\":\"https:\\\/\\\/madera.airmatic.es\\\/ca\\\/#\\\/schema\\\/person\\\/90df12b13c397879bbd63fc02fa1b4fb\",\"name\":\"Mireia Mar\u00edn\"}]}<\/script>\n<!-- \/ Yoast SEO plugin. -->","yoast_head_json":{"title":"Industrialitzaci\u00f3 de la fusta en el sector constructiu - Airmatic Madera","description":"La industrialitzaci\u00f3 de la fusta impulsa un canvi cap a una construcci\u00f3 m\u00e9s eficient i respectuosa amb el medio ambient a Europa.","robots":{"index":"index","follow":"follow","max-snippet":"max-snippet:-1","max-image-preview":"max-image-preview:large","max-video-preview":"max-video-preview:-1"},"canonical":"https:\/\/madera.airmatic.es\/ca\/industrialitzacio-digitalitzacio-i-construccio-amb-fusta-noves-oportunitats-del-sector\/","og_locale":"ca_ES","og_type":"article","og_title":"Industrialitzaci\u00f3 de la fusta en el sector constructiu - Airmatic Madera","og_description":"La industrialitzaci\u00f3 de la fusta impulsa un canvi cap a una construcci\u00f3 m\u00e9s eficient i respectuosa amb el medio ambient a Europa.","og_url":"https:\/\/madera.airmatic.es\/ca\/industrialitzacio-digitalitzacio-i-construccio-amb-fusta-noves-oportunitats-del-sector\/","og_site_name":"Airmatic Madera","article_published_time":"2026-01-20T14:31:58+00:00","article_modified_time":"2026-03-06T10:13:31+00:00","og_image":[{"width":1024,"height":571,"url":"https:\/\/madera.airmatic.es\/wp-content\/uploads\/2026\/01\/IMATGE-ARTICLE-ANUARI-2025-1-e1768919487851-1024x571.png","type":"image\/png"}],"author":"Mireia Mar\u00edn","twitter_card":"summary_large_image","twitter_misc":{"Escrit per":"Mireia Mar\u00edn","Temps estimat de lectura":"5 minuts"},"schema":{"@context":"https:\/\/schema.org","@graph":[{"@type":"Article","@id":"https:\/\/madera.airmatic.es\/ca\/industrialitzacio-digitalitzacio-i-construccio-amb-fusta-noves-oportunitats-del-sector\/#article","isPartOf":{"@id":"https:\/\/madera.airmatic.es\/ca\/industrialitzacio-digitalitzacio-i-construccio-amb-fusta-noves-oportunitats-del-sector\/"},"author":{"name":"Mireia Mar\u00edn","@id":"https:\/\/madera.airmatic.es\/ca\/#\/schema\/person\/90df12b13c397879bbd63fc02fa1b4fb"},"headline":"Industrialitzaci\u00f3, digitalitzaci\u00f3 i construcci\u00f3 amb fusta: Noves oportunitats del sector.","datePublished":"2026-01-20T14:31:58+00:00","dateModified":"2026-03-06T10:13:31+00:00","mainEntityOfPage":{"@id":"https:\/\/madera.airmatic.es\/ca\/industrialitzacio-digitalitzacio-i-construccio-amb-fusta-noves-oportunitats-del-sector\/"},"wordCount":924,"publisher":{"@id":"https:\/\/madera.airmatic.es\/ca\/#organization"},"image":{"@id":"https:\/\/madera.airmatic.es\/ca\/industrialitzacio-digitalitzacio-i-construccio-amb-fusta-noves-oportunitats-del-sector\/#primaryimage"},"thumbnailUrl":"https:\/\/madera.airmatic.es\/wp-content\/uploads\/2026\/01\/IMATGE-ARTICLE-ANUARI-2025-1-e1768919487851.png","articleSection":["Fusta"],"inLanguage":"ca"},{"@type":"WebPage","@id":"https:\/\/madera.airmatic.es\/ca\/industrialitzacio-digitalitzacio-i-construccio-amb-fusta-noves-oportunitats-del-sector\/","url":"https:\/\/madera.airmatic.es\/ca\/industrialitzacio-digitalitzacio-i-construccio-amb-fusta-noves-oportunitats-del-sector\/","name":"Industrialitzaci\u00f3 de la fusta en el sector constructiu - Airmatic Madera","isPartOf":{"@id":"https:\/\/madera.airmatic.es\/ca\/#website"},"primaryImageOfPage":{"@id":"https:\/\/madera.airmatic.es\/ca\/industrialitzacio-digitalitzacio-i-construccio-amb-fusta-noves-oportunitats-del-sector\/#primaryimage"},"image":{"@id":"https:\/\/madera.airmatic.es\/ca\/industrialitzacio-digitalitzacio-i-construccio-amb-fusta-noves-oportunitats-del-sector\/#primaryimage"},"thumbnailUrl":"https:\/\/madera.airmatic.es\/wp-content\/uploads\/2026\/01\/IMATGE-ARTICLE-ANUARI-2025-1-e1768919487851.png","datePublished":"2026-01-20T14:31:58+00:00","dateModified":"2026-03-06T10:13:31+00:00","description":"La industrialitzaci\u00f3 de la fusta impulsa un canvi cap a una construcci\u00f3 m\u00e9s eficient i respectuosa amb el medio ambient a Europa.","breadcrumb":{"@id":"https:\/\/madera.airmatic.es\/ca\/industrialitzacio-digitalitzacio-i-construccio-amb-fusta-noves-oportunitats-del-sector\/#breadcrumb"},"inLanguage":"ca","potentialAction":[{"@type":"ReadAction","target":["https:\/\/madera.airmatic.es\/ca\/industrialitzacio-digitalitzacio-i-construccio-amb-fusta-noves-oportunitats-del-sector\/"]}]},{"@type":"ImageObject","inLanguage":"ca","@id":"https:\/\/madera.airmatic.es\/ca\/industrialitzacio-digitalitzacio-i-construccio-amb-fusta-noves-oportunitats-del-sector\/#primaryimage","url":"https:\/\/madera.airmatic.es\/wp-content\/uploads\/2026\/01\/IMATGE-ARTICLE-ANUARI-2025-1-e1768919487851.png","contentUrl":"https:\/\/madera.airmatic.es\/wp-content\/uploads\/2026\/01\/IMATGE-ARTICLE-ANUARI-2025-1-e1768919487851.png","width":1194,"height":666,"caption":"estructura de fusta constructiva"},{"@type":"BreadcrumbList","@id":"https:\/\/madera.airmatic.es\/ca\/industrialitzacio-digitalitzacio-i-construccio-amb-fusta-noves-oportunitats-del-sector\/#breadcrumb","itemListElement":[{"@type":"ListItem","position":1,"name":"Portada","item":"https:\/\/madera.airmatic.es\/ca\/inici\/"},{"@type":"ListItem","position":2,"name":"Industrialitzaci\u00f3, digitalitzaci\u00f3 i construcci\u00f3 amb fusta: Noves oportunitats del sector."}]},{"@type":"WebSite","@id":"https:\/\/madera.airmatic.es\/ca\/#website","url":"https:\/\/madera.airmatic.es\/ca\/","name":"Airmatic Madera","description":"M\u00e0quinaria y software per a la fusta","publisher":{"@id":"https:\/\/madera.airmatic.es\/ca\/#organization"},"potentialAction":[{"@type":"SearchAction","target":{"@type":"EntryPoint","urlTemplate":"https:\/\/madera.airmatic.es\/ca\/?s={search_term_string}"},"query-input":{"@type":"PropertyValueSpecification","valueRequired":true,"valueName":"search_term_string"}}],"inLanguage":"ca"},{"@type":"Organization","@id":"https:\/\/madera.airmatic.es\/ca\/#organization","name":"Airmatic Madera","url":"https:\/\/madera.airmatic.es\/ca\/","logo":{"@type":"ImageObject","inLanguage":"ca","@id":"https:\/\/madera.airmatic.es\/ca\/#\/schema\/logo\/image\/","url":"https:\/\/madera.airmatic.es\/wp-content\/uploads\/2023\/10\/Logotip-Airmatic.png","contentUrl":"https:\/\/madera.airmatic.es\/wp-content\/uploads\/2023\/10\/Logotip-Airmatic.png","width":2953,"height":932,"caption":"Airmatic Madera"},"image":{"@id":"https:\/\/madera.airmatic.es\/ca\/#\/schema\/logo\/image\/"}},{"@type":"Person","@id":"https:\/\/madera.airmatic.es\/ca\/#\/schema\/person\/90df12b13c397879bbd63fc02fa1b4fb","name":"Mireia Mar\u00edn"}]}},"_links":{"self":[{"href":"https:\/\/madera.airmatic.es\/ca\/wp-json\/wp\/v2\/posts\/11175","targetHints":{"allow":["GET"]}}],"collection":[{"href":"https:\/\/madera.airmatic.es\/ca\/wp-json\/wp\/v2\/posts"}],"about":[{"href":"https:\/\/madera.airmatic.es\/ca\/wp-json\/wp\/v2\/types\/post"}],"author":[{"embeddable":true,"href":"https:\/\/madera.airmatic.es\/ca\/wp-json\/wp\/v2\/users\/2"}],"replies":[{"embeddable":true,"href":"https:\/\/madera.airmatic.es\/ca\/wp-json\/wp\/v2\/comments?post=11175"}],"version-history":[{"count":2,"href":"https:\/\/madera.airmatic.es\/ca\/wp-json\/wp\/v2\/posts\/11175\/revisions"}],"predecessor-version":[{"id":12408,"href":"https:\/\/madera.airmatic.es\/ca\/wp-json\/wp\/v2\/posts\/11175\/revisions\/12408"}],"wp:featuredmedia":[{"embeddable":true,"href":"https:\/\/madera.airmatic.es\/ca\/wp-json\/wp\/v2\/media\/11176"}],"wp:attachment":[{"href":"https:\/\/madera.airmatic.es\/ca\/wp-json\/wp\/v2\/media?parent=11175"}],"wp:term":[{"taxonomy":"category","embeddable":true,"href":"https:\/\/madera.airmatic.es\/ca\/wp-json\/wp\/v2\/categories?post=11175"},{"taxonomy":"post_tag","embeddable":true,"href":"https:\/\/madera.airmatic.es\/ca\/wp-json\/wp\/v2\/tags?post=11175"}],"curies":[{"name":"wp","href":"https:\/\/api.w.org\/{rel}","templated":true}]}}