{"id":2982,"date":"2021-01-14T15:41:22","date_gmt":"2021-01-14T15:41:22","guid":{"rendered":"https:\/\/madera.airmatic.es\/magatzems-intelligents-grundner-airmatic-tecnologia-de-futur-solucions-de-present\/"},"modified":"2024-05-10T08:34:26","modified_gmt":"2024-05-10T08:34:26","slug":"magatzems-intelligents-grundner-airmatic-tecnologia-de-futur-solucions-de-present","status":"publish","type":"post","link":"https:\/\/madera.airmatic.es\/ca\/magatzems-intelligents-grundner-airmatic-tecnologia-de-futur-solucions-de-present\/","title":{"rendered":"Magatzems Intel\u00b7ligents Grundner &amp; Airmatic. Tecnologia de futur. Solucions de present."},"content":{"rendered":"<p>Actualment ens trobem en un moment d&#8217;alta competitivitat en el nostre sector, amb un mercat molt exigent, que obliga a qualsevol taller, f\u00e1brica o magatzem a buscar solucions eficaces que permetin guanyar rentabilitat y millorar el servei al client.<\/p>\n<p>\u00c9s per aix\u00f2 que cada cop tenen m\u00e9s import\u00e0ncia totes aquelles solucions que facilitin els processos productius, tant en temps de producci\u00f3, com en organitzaci\u00f3 i fiabilitat.<\/p>\n<p>Gr\u00e0cies a les solucions <strong>de magatzems intel\u00b7ligents Grundner<\/strong>, es dona un pas m\u00e9s cap a la excel\u00b7l\u00e8ncia en la automatitzaci\u00f3 dels processos de producci\u00f3 intel\u00b7ligents, oferint no nomes la millor qualitat en maquin\u00e0ria, sin\u00f3 dotant-los d&#8217;un cervell que permet executar processos intel\u00b7ligents, minimitzant el n\u00famero de moviments i guanyant efici\u00e8ncia.<\/p>\n<p>&nbsp;<\/p>\n<p><strong>UNA SOLUCI\u00d3 VERS\u00c0TIL<\/strong><\/p>\n<p>Els magatzems intel\u00b7ligents <strong>Grundner,<\/strong> s\u00f3n aptes per treballar amb m\u00faltiples formats i materials (fusta, pl\u00e0stic i metall), tant si s\u00f3n per a picking i organitzaci\u00f3, com per a c\u00e0rrega de m\u00e0quines de tall i <strong>Nesting<\/strong>. Aquest concepte intel\u00b7ligent en l&#8217;emmagatzematge horitzontal, dona un ventall molt ampli de possibilitats en la organitzaci\u00f3 amb una gesti\u00f3 eficient de l&#8217;espai d&#8217;emmagatzament disponible.<\/p>\n<p>La seva gran versatilitat constructiva permet tamb\u00e9 una perfecta integraci\u00f3 en qualsevol proc\u00e9s productiu i a la vegada personalitzable per a qualsevol tipus de taller o magatzem adaptant-se a les necessitats de l&#8217;usuari.<\/p>\n<p>&nbsp;<\/p>\n<p><strong>L&#8217;ALGORITME M\u00c9S AVAN\u00c7AT<\/strong><\/p>\n<p>El software integrat amb gesti\u00f3 d&#8217;emmagatzematge amb piles ca\u00f2tiques augmenta considerablement la capacitat de procuci\u00f3. Tanmateix, gr\u00e0cies al seu algoritme d&#8217;optimitzaci\u00f3 de la productivitat, li permet aprendre a mesura que va adquirint experi\u00e8ncia de treball.<\/p>\n<p>Una altra funci\u00f3 que incorporen els magatzems intel\u00b7ligents de <strong>Grundner<\/strong> i que els converteixen en una de les solucions m\u00e9s fiables, \u00e9s l&#8217;estaci\u00f3 d&#8217;etiquetat, el qual mitjan\u00e7ant la col\u00b7locaci\u00f3 parcial d&#8217;etiquetes abans del serrat, garantitza el fluxe i la organitzaci\u00f3 del material de manera eficient.<\/p>\n<p>Aquesta funcionalitat es pot convinar amb serres de taula, m\u00e0quines d&#8217;encaixat, centres de mecanitzat entre altres moltes m\u00e9s opcions.<\/p>\n<p>&nbsp;<\/p>\n<p><strong>UNA ALIAN\u00c7A LIDER<\/strong><\/p>\n<p><strong>Holz-Her i Grundner,<\/strong> fabricants liders en els seus respectius sectors s&#8217;uneixen per a oferir la millor soluci\u00f3 d&#8217;emmagatzematge intel\u00b7ligent per al sector de la fusta. A <strong>Airmatic<\/strong> treballem conjuntament amb aquesta alian\u00e7a lider per a aportar solucions personalitzades a tots aquells magatzems, f\u00e0briques i tallers que necessiten una soluci\u00f3 d&#8217;alta fiabilitat, que permeti una millor manipulaci\u00f3 dels materials i que millori la seva productivitat. Algunes de les principals empreses refer\u00e8ncia del sector a Catalunya ha confiat en els magatzems intel\u00b7ligents de <strong>Grundner<\/strong> partint d&#8217;un estudi i un projecte a mida realitzat per <strong>Airmatic<\/strong>.<\/p>\n<p>&nbsp;<\/p>\n<p><strong>Que ofereix aquesta soluci\u00f3?<\/strong><\/p>\n<ul class=\"fa-ul\">\n<li><i class=\"fa fa-li fa-long-arrow-right\"><\/i>Manipulaci\u00f3 intel\u00b7ligent i sense danys.<\/li>\n<li><i class=\"fa fa-li fa-long-arrow-right\"><\/i>Control de separaci\u00f3 de taulells mitjan\u00e7ant el pes i medici\u00f3<\/li>\n<li><i class=\"fa fa-li fa-long-arrow-right\"><\/i>Construcci\u00f3 estable amb pes optimitzat<\/li>\n<li><i class=\"fa fa-li fa-long-arrow-right\"><\/i>Utilitzaci\u00f3 \u00f2ptima de l&#8217;espai<\/li>\n<li><i class=\"fa fa-li fa-long-arrow-right\"><\/i>Preparaci\u00f3 din\u00e0mica dels taulells<\/li>\n<li><i class=\"fa fa-li fa-long-arrow-right\"><\/i>Correcci\u00f3 de posici\u00f3 de taulell<\/li>\n<li><i class=\"fa fa-li fa-long-arrow-right\"><\/i>Software de magatzem intel\u00b7ligent, inclosa interficie<\/li>\n<li><i class=\"fa fa-li fa-long-arrow-right\"><\/i>Alta fiabilitat<\/li>\n<li><i class=\"fa fa-li fa-long-arrow-right\"><\/i>Sistema d&#8217;etiquetat implemetable<\/li>\n<\/ul>\n<p>&nbsp;<\/p>\n<p><strong>Punts a tenir en compte:<\/strong><\/p>\n<ul class=\"fa-ul\">\n<li><i class=\"fa fa-li fa-long-arrow-right\"><\/i>Molls d&#8217;entrada i sortida de taulells del magatzem. El magatzem no para de funcionar durant els processos de c\u00e0rrega i desc\u00e0rrega gr\u00e0cies a la seva protecci\u00f3 separada.<\/li>\n<li><i class=\"fa fa-li fa-long-arrow-right\"><\/i>Dispositiu de seguretat, inclosa la porta protegida i valla de protecci\u00f3<\/li>\n<li><i class=\"fa fa-li fa-long-arrow-right\"><\/i>Apte per a m\u00faltiples formats i materials<\/li>\n<li><i class=\"fa fa-li fa-long-arrow-right\"><\/i>Optimitzaci\u00f3 en l&#8217;organitzaci\u00f3 i en la c\u00e0rrega de treball en la manipulaci\u00f3 de taulells.<\/li>\n<\/ul>\n<p>&nbsp;<\/p>\n<p><strong>Article publicat a l&#8217;anuari de la fusta del Gremi Fusta i Moble edici\u00f3 2021<\/strong><\/p>\n","protected":false},"excerpt":{"rendered":"<p>Actualment ens trobem en un moment d&#8217;alta competitivitat en el nostre sector, amb un mercat molt exigent, que obliga a qualsevol taller, f\u00e1brica o magatzem a buscar solucions eficaces que permetin guanyar rentabilitat y millorar el servei al client. \u00c9s per aix\u00f2 que cada cop tenen m\u00e9s import\u00e0ncia totes aquelles solucions que facilitin els processos [&hellip;]<\/p>\n","protected":false},"author":3,"featured_media":2980,"comment_status":"open","ping_status":"open","sticky":false,"template":"","format":"standard","meta":{"footnotes":""},"categories":[88,89,48,86],"tags":[98,99],"class_list":["post-2982","post","type-post","status-publish","format-standard","has-post-thumbnail","hentry","category-construccio-amb-fusta-i-clt","category-embalatge","category-fusta","category-novetats-tecnologiques","tag-automatitzacio","tag-logistica-ca"],"yoast_head":"<!-- This site is optimized with the Yoast SEO plugin v27.5 - https:\/\/yoast.com\/product\/yoast-seo-wordpress\/ -->\n<title>Magatzems Intel\u00b7ligents Grundner &amp; Airmatic. Tecnologia de futur. Solucions de present. - Airmatic Madera<\/title>\n<meta name=\"robots\" content=\"index, follow, max-snippet:-1, max-image-preview:large, max-video-preview:-1\" \/>\n<link rel=\"canonical\" href=\"https:\/\/madera.airmatic.es\/ca\/magatzems-intelligents-grundner-airmatic-tecnologia-de-futur-solucions-de-present\/\" \/>\n<meta property=\"og:locale\" content=\"ca_ES\" \/>\n<meta property=\"og:type\" content=\"article\" \/>\n<meta property=\"og:title\" content=\"Magatzems Intel\u00b7ligents Grundner &amp; Airmatic. Tecnologia de futur. Solucions de present. - Airmatic Madera\" \/>\n<meta property=\"og:description\" content=\"Actualment ens trobem en un moment d&#8217;alta competitivitat en el nostre sector, amb un mercat molt exigent, que obliga a qualsevol taller, f\u00e1brica o magatzem a buscar solucions eficaces que permetin guanyar rentabilitat y millorar el servei al client. \u00c9s per aix\u00f2 que cada cop tenen m\u00e9s import\u00e0ncia totes aquelles solucions que facilitin els processos [&hellip;]\" \/>\n<meta property=\"og:url\" content=\"https:\/\/madera.airmatic.es\/ca\/magatzems-intelligents-grundner-airmatic-tecnologia-de-futur-solucions-de-present\/\" \/>\n<meta property=\"og:site_name\" content=\"Airmatic Madera\" \/>\n<meta property=\"article:published_time\" content=\"2021-01-14T15:41:22+00:00\" \/>\n<meta property=\"article:modified_time\" content=\"2024-05-10T08:34:26+00:00\" \/>\n<meta property=\"og:image\" content=\"https:\/\/madera.airmatic.es\/wp-content\/uploads\/2023\/12\/airmatic_grunder.jpg\" \/>\n\t<meta property=\"og:image:width\" content=\"800\" \/>\n\t<meta property=\"og:image:height\" content=\"515\" \/>\n\t<meta property=\"og:image:type\" content=\"image\/jpeg\" \/>\n<meta name=\"author\" content=\"Airmatic\" \/>\n<meta name=\"twitter:card\" content=\"summary_large_image\" \/>\n<meta name=\"twitter:label1\" content=\"Escrit per\" \/>\n\t<meta name=\"twitter:data1\" content=\"Airmatic\" \/>\n\t<meta name=\"twitter:label2\" content=\"Temps estimat de lectura\" \/>\n\t<meta name=\"twitter:data2\" content=\"3 minuts\" \/>\n<script type=\"application\/ld+json\" class=\"yoast-schema-graph\">{\"@context\":\"https:\\\/\\\/schema.org\",\"@graph\":[{\"@type\":\"Article\",\"@id\":\"https:\\\/\\\/madera.airmatic.es\\\/ca\\\/magatzems-intelligents-grundner-airmatic-tecnologia-de-futur-solucions-de-present\\\/#article\",\"isPartOf\":{\"@id\":\"https:\\\/\\\/madera.airmatic.es\\\/ca\\\/magatzems-intelligents-grundner-airmatic-tecnologia-de-futur-solucions-de-present\\\/\"},\"author\":{\"name\":\"Airmatic\",\"@id\":\"https:\\\/\\\/madera.airmatic.es\\\/ca\\\/#\\\/schema\\\/person\\\/9b7b0485dc6870d91448c6157b7cc636\"},\"headline\":\"Magatzems Intel\u00b7ligents Grundner &amp; Airmatic. Tecnologia de futur. Solucions de present.\",\"datePublished\":\"2021-01-14T15:41:22+00:00\",\"dateModified\":\"2024-05-10T08:34:26+00:00\",\"mainEntityOfPage\":{\"@id\":\"https:\\\/\\\/madera.airmatic.es\\\/ca\\\/magatzems-intelligents-grundner-airmatic-tecnologia-de-futur-solucions-de-present\\\/\"},\"wordCount\":623,\"commentCount\":0,\"publisher\":{\"@id\":\"https:\\\/\\\/madera.airmatic.es\\\/ca\\\/#organization\"},\"image\":{\"@id\":\"https:\\\/\\\/madera.airmatic.es\\\/ca\\\/magatzems-intelligents-grundner-airmatic-tecnologia-de-futur-solucions-de-present\\\/#primaryimage\"},\"thumbnailUrl\":\"https:\\\/\\\/madera.airmatic.es\\\/wp-content\\\/uploads\\\/2023\\\/12\\\/airmatic_grunder.jpg\",\"keywords\":[\"Automatitzaci\u00f3\",\"Log\u00edstica\"],\"articleSection\":[\"Construcci\u00f3 amb fusta i CLT\",\"Embalatge\",\"Fusta\",\"Novetats Tecnol\u00f2giques.\"],\"inLanguage\":\"ca\",\"potentialAction\":[{\"@type\":\"CommentAction\",\"name\":\"Comment\",\"target\":[\"https:\\\/\\\/madera.airmatic.es\\\/ca\\\/magatzems-intelligents-grundner-airmatic-tecnologia-de-futur-solucions-de-present\\\/#respond\"]}]},{\"@type\":\"WebPage\",\"@id\":\"https:\\\/\\\/madera.airmatic.es\\\/ca\\\/magatzems-intelligents-grundner-airmatic-tecnologia-de-futur-solucions-de-present\\\/\",\"url\":\"https:\\\/\\\/madera.airmatic.es\\\/ca\\\/magatzems-intelligents-grundner-airmatic-tecnologia-de-futur-solucions-de-present\\\/\",\"name\":\"Magatzems Intel\u00b7ligents Grundner &amp; Airmatic. Tecnologia de futur. Solucions de present. - Airmatic Madera\",\"isPartOf\":{\"@id\":\"https:\\\/\\\/madera.airmatic.es\\\/ca\\\/#website\"},\"primaryImageOfPage\":{\"@id\":\"https:\\\/\\\/madera.airmatic.es\\\/ca\\\/magatzems-intelligents-grundner-airmatic-tecnologia-de-futur-solucions-de-present\\\/#primaryimage\"},\"image\":{\"@id\":\"https:\\\/\\\/madera.airmatic.es\\\/ca\\\/magatzems-intelligents-grundner-airmatic-tecnologia-de-futur-solucions-de-present\\\/#primaryimage\"},\"thumbnailUrl\":\"https:\\\/\\\/madera.airmatic.es\\\/wp-content\\\/uploads\\\/2023\\\/12\\\/airmatic_grunder.jpg\",\"datePublished\":\"2021-01-14T15:41:22+00:00\",\"dateModified\":\"2024-05-10T08:34:26+00:00\",\"breadcrumb\":{\"@id\":\"https:\\\/\\\/madera.airmatic.es\\\/ca\\\/magatzems-intelligents-grundner-airmatic-tecnologia-de-futur-solucions-de-present\\\/#breadcrumb\"},\"inLanguage\":\"ca\",\"potentialAction\":[{\"@type\":\"ReadAction\",\"target\":[\"https:\\\/\\\/madera.airmatic.es\\\/ca\\\/magatzems-intelligents-grundner-airmatic-tecnologia-de-futur-solucions-de-present\\\/\"]}]},{\"@type\":\"ImageObject\",\"inLanguage\":\"ca\",\"@id\":\"https:\\\/\\\/madera.airmatic.es\\\/ca\\\/magatzems-intelligents-grundner-airmatic-tecnologia-de-futur-solucions-de-present\\\/#primaryimage\",\"url\":\"https:\\\/\\\/madera.airmatic.es\\\/wp-content\\\/uploads\\\/2023\\\/12\\\/airmatic_grunder.jpg\",\"contentUrl\":\"https:\\\/\\\/madera.airmatic.es\\\/wp-content\\\/uploads\\\/2023\\\/12\\\/airmatic_grunder.jpg\",\"width\":800,\"height\":515,\"caption\":\"Fotografia de almacenes inteligentes de Grunder proporcionadas por Airmatic\"},{\"@type\":\"BreadcrumbList\",\"@id\":\"https:\\\/\\\/madera.airmatic.es\\\/ca\\\/magatzems-intelligents-grundner-airmatic-tecnologia-de-futur-solucions-de-present\\\/#breadcrumb\",\"itemListElement\":[{\"@type\":\"ListItem\",\"position\":1,\"name\":\"Portada\",\"item\":\"https:\\\/\\\/madera.airmatic.es\\\/ca\\\/inici\\\/\"},{\"@type\":\"ListItem\",\"position\":2,\"name\":\"Magatzems Intel\u00b7ligents Grundner &amp; Airmatic. Tecnologia de futur. Solucions de present.\"}]},{\"@type\":\"WebSite\",\"@id\":\"https:\\\/\\\/madera.airmatic.es\\\/ca\\\/#website\",\"url\":\"https:\\\/\\\/madera.airmatic.es\\\/ca\\\/\",\"name\":\"Airmatic Madera\",\"description\":\"M\u00e0quinaria y software per a la fusta\",\"publisher\":{\"@id\":\"https:\\\/\\\/madera.airmatic.es\\\/ca\\\/#organization\"},\"potentialAction\":[{\"@type\":\"SearchAction\",\"target\":{\"@type\":\"EntryPoint\",\"urlTemplate\":\"https:\\\/\\\/madera.airmatic.es\\\/ca\\\/?s={search_term_string}\"},\"query-input\":{\"@type\":\"PropertyValueSpecification\",\"valueRequired\":true,\"valueName\":\"search_term_string\"}}],\"inLanguage\":\"ca\"},{\"@type\":\"Organization\",\"@id\":\"https:\\\/\\\/madera.airmatic.es\\\/ca\\\/#organization\",\"name\":\"Airmatic Madera\",\"url\":\"https:\\\/\\\/madera.airmatic.es\\\/ca\\\/\",\"logo\":{\"@type\":\"ImageObject\",\"inLanguage\":\"ca\",\"@id\":\"https:\\\/\\\/madera.airmatic.es\\\/ca\\\/#\\\/schema\\\/logo\\\/image\\\/\",\"url\":\"https:\\\/\\\/madera.airmatic.es\\\/wp-content\\\/uploads\\\/2023\\\/10\\\/Logotip-Airmatic.png\",\"contentUrl\":\"https:\\\/\\\/madera.airmatic.es\\\/wp-content\\\/uploads\\\/2023\\\/10\\\/Logotip-Airmatic.png\",\"width\":2953,\"height\":932,\"caption\":\"Airmatic Madera\"},\"image\":{\"@id\":\"https:\\\/\\\/madera.airmatic.es\\\/ca\\\/#\\\/schema\\\/logo\\\/image\\\/\"}},{\"@type\":\"Person\",\"@id\":\"https:\\\/\\\/madera.airmatic.es\\\/ca\\\/#\\\/schema\\\/person\\\/9b7b0485dc6870d91448c6157b7cc636\",\"name\":\"Airmatic\"}]}<\/script>\n<!-- \/ Yoast SEO plugin. -->","yoast_head_json":{"title":"Magatzems Intel\u00b7ligents Grundner &amp; Airmatic. Tecnologia de futur. Solucions de present. - Airmatic Madera","robots":{"index":"index","follow":"follow","max-snippet":"max-snippet:-1","max-image-preview":"max-image-preview:large","max-video-preview":"max-video-preview:-1"},"canonical":"https:\/\/madera.airmatic.es\/ca\/magatzems-intelligents-grundner-airmatic-tecnologia-de-futur-solucions-de-present\/","og_locale":"ca_ES","og_type":"article","og_title":"Magatzems Intel\u00b7ligents Grundner &amp; Airmatic. Tecnologia de futur. Solucions de present. - Airmatic Madera","og_description":"Actualment ens trobem en un moment d&#8217;alta competitivitat en el nostre sector, amb un mercat molt exigent, que obliga a qualsevol taller, f\u00e1brica o magatzem a buscar solucions eficaces que permetin guanyar rentabilitat y millorar el servei al client. \u00c9s per aix\u00f2 que cada cop tenen m\u00e9s import\u00e0ncia totes aquelles solucions que facilitin els processos [&hellip;]","og_url":"https:\/\/madera.airmatic.es\/ca\/magatzems-intelligents-grundner-airmatic-tecnologia-de-futur-solucions-de-present\/","og_site_name":"Airmatic Madera","article_published_time":"2021-01-14T15:41:22+00:00","article_modified_time":"2024-05-10T08:34:26+00:00","og_image":[{"width":800,"height":515,"url":"https:\/\/madera.airmatic.es\/wp-content\/uploads\/2023\/12\/airmatic_grunder.jpg","type":"image\/jpeg"}],"author":"Airmatic","twitter_card":"summary_large_image","twitter_misc":{"Escrit per":"Airmatic","Temps estimat de lectura":"3 minuts"},"schema":{"@context":"https:\/\/schema.org","@graph":[{"@type":"Article","@id":"https:\/\/madera.airmatic.es\/ca\/magatzems-intelligents-grundner-airmatic-tecnologia-de-futur-solucions-de-present\/#article","isPartOf":{"@id":"https:\/\/madera.airmatic.es\/ca\/magatzems-intelligents-grundner-airmatic-tecnologia-de-futur-solucions-de-present\/"},"author":{"name":"Airmatic","@id":"https:\/\/madera.airmatic.es\/ca\/#\/schema\/person\/9b7b0485dc6870d91448c6157b7cc636"},"headline":"Magatzems Intel\u00b7ligents Grundner &amp; Airmatic. Tecnologia de futur. Solucions de present.","datePublished":"2021-01-14T15:41:22+00:00","dateModified":"2024-05-10T08:34:26+00:00","mainEntityOfPage":{"@id":"https:\/\/madera.airmatic.es\/ca\/magatzems-intelligents-grundner-airmatic-tecnologia-de-futur-solucions-de-present\/"},"wordCount":623,"commentCount":0,"publisher":{"@id":"https:\/\/madera.airmatic.es\/ca\/#organization"},"image":{"@id":"https:\/\/madera.airmatic.es\/ca\/magatzems-intelligents-grundner-airmatic-tecnologia-de-futur-solucions-de-present\/#primaryimage"},"thumbnailUrl":"https:\/\/madera.airmatic.es\/wp-content\/uploads\/2023\/12\/airmatic_grunder.jpg","keywords":["Automatitzaci\u00f3","Log\u00edstica"],"articleSection":["Construcci\u00f3 amb fusta i CLT","Embalatge","Fusta","Novetats Tecnol\u00f2giques."],"inLanguage":"ca","potentialAction":[{"@type":"CommentAction","name":"Comment","target":["https:\/\/madera.airmatic.es\/ca\/magatzems-intelligents-grundner-airmatic-tecnologia-de-futur-solucions-de-present\/#respond"]}]},{"@type":"WebPage","@id":"https:\/\/madera.airmatic.es\/ca\/magatzems-intelligents-grundner-airmatic-tecnologia-de-futur-solucions-de-present\/","url":"https:\/\/madera.airmatic.es\/ca\/magatzems-intelligents-grundner-airmatic-tecnologia-de-futur-solucions-de-present\/","name":"Magatzems Intel\u00b7ligents Grundner &amp; Airmatic. Tecnologia de futur. Solucions de present. - Airmatic Madera","isPartOf":{"@id":"https:\/\/madera.airmatic.es\/ca\/#website"},"primaryImageOfPage":{"@id":"https:\/\/madera.airmatic.es\/ca\/magatzems-intelligents-grundner-airmatic-tecnologia-de-futur-solucions-de-present\/#primaryimage"},"image":{"@id":"https:\/\/madera.airmatic.es\/ca\/magatzems-intelligents-grundner-airmatic-tecnologia-de-futur-solucions-de-present\/#primaryimage"},"thumbnailUrl":"https:\/\/madera.airmatic.es\/wp-content\/uploads\/2023\/12\/airmatic_grunder.jpg","datePublished":"2021-01-14T15:41:22+00:00","dateModified":"2024-05-10T08:34:26+00:00","breadcrumb":{"@id":"https:\/\/madera.airmatic.es\/ca\/magatzems-intelligents-grundner-airmatic-tecnologia-de-futur-solucions-de-present\/#breadcrumb"},"inLanguage":"ca","potentialAction":[{"@type":"ReadAction","target":["https:\/\/madera.airmatic.es\/ca\/magatzems-intelligents-grundner-airmatic-tecnologia-de-futur-solucions-de-present\/"]}]},{"@type":"ImageObject","inLanguage":"ca","@id":"https:\/\/madera.airmatic.es\/ca\/magatzems-intelligents-grundner-airmatic-tecnologia-de-futur-solucions-de-present\/#primaryimage","url":"https:\/\/madera.airmatic.es\/wp-content\/uploads\/2023\/12\/airmatic_grunder.jpg","contentUrl":"https:\/\/madera.airmatic.es\/wp-content\/uploads\/2023\/12\/airmatic_grunder.jpg","width":800,"height":515,"caption":"Fotografia de almacenes inteligentes de Grunder proporcionadas por Airmatic"},{"@type":"BreadcrumbList","@id":"https:\/\/madera.airmatic.es\/ca\/magatzems-intelligents-grundner-airmatic-tecnologia-de-futur-solucions-de-present\/#breadcrumb","itemListElement":[{"@type":"ListItem","position":1,"name":"Portada","item":"https:\/\/madera.airmatic.es\/ca\/inici\/"},{"@type":"ListItem","position":2,"name":"Magatzems Intel\u00b7ligents Grundner &amp; Airmatic. Tecnologia de futur. Solucions de present."}]},{"@type":"WebSite","@id":"https:\/\/madera.airmatic.es\/ca\/#website","url":"https:\/\/madera.airmatic.es\/ca\/","name":"Airmatic Madera","description":"M\u00e0quinaria y software per a la fusta","publisher":{"@id":"https:\/\/madera.airmatic.es\/ca\/#organization"},"potentialAction":[{"@type":"SearchAction","target":{"@type":"EntryPoint","urlTemplate":"https:\/\/madera.airmatic.es\/ca\/?s={search_term_string}"},"query-input":{"@type":"PropertyValueSpecification","valueRequired":true,"valueName":"search_term_string"}}],"inLanguage":"ca"},{"@type":"Organization","@id":"https:\/\/madera.airmatic.es\/ca\/#organization","name":"Airmatic Madera","url":"https:\/\/madera.airmatic.es\/ca\/","logo":{"@type":"ImageObject","inLanguage":"ca","@id":"https:\/\/madera.airmatic.es\/ca\/#\/schema\/logo\/image\/","url":"https:\/\/madera.airmatic.es\/wp-content\/uploads\/2023\/10\/Logotip-Airmatic.png","contentUrl":"https:\/\/madera.airmatic.es\/wp-content\/uploads\/2023\/10\/Logotip-Airmatic.png","width":2953,"height":932,"caption":"Airmatic Madera"},"image":{"@id":"https:\/\/madera.airmatic.es\/ca\/#\/schema\/logo\/image\/"}},{"@type":"Person","@id":"https:\/\/madera.airmatic.es\/ca\/#\/schema\/person\/9b7b0485dc6870d91448c6157b7cc636","name":"Airmatic"}]}},"_links":{"self":[{"href":"https:\/\/madera.airmatic.es\/ca\/wp-json\/wp\/v2\/posts\/2982","targetHints":{"allow":["GET"]}}],"collection":[{"href":"https:\/\/madera.airmatic.es\/ca\/wp-json\/wp\/v2\/posts"}],"about":[{"href":"https:\/\/madera.airmatic.es\/ca\/wp-json\/wp\/v2\/types\/post"}],"author":[{"embeddable":true,"href":"https:\/\/madera.airmatic.es\/ca\/wp-json\/wp\/v2\/users\/3"}],"replies":[{"embeddable":true,"href":"https:\/\/madera.airmatic.es\/ca\/wp-json\/wp\/v2\/comments?post=2982"}],"version-history":[{"count":0,"href":"https:\/\/madera.airmatic.es\/ca\/wp-json\/wp\/v2\/posts\/2982\/revisions"}],"wp:featuredmedia":[{"embeddable":true,"href":"https:\/\/madera.airmatic.es\/ca\/wp-json\/wp\/v2\/media\/2980"}],"wp:attachment":[{"href":"https:\/\/madera.airmatic.es\/ca\/wp-json\/wp\/v2\/media?parent=2982"}],"wp:term":[{"taxonomy":"category","embeddable":true,"href":"https:\/\/madera.airmatic.es\/ca\/wp-json\/wp\/v2\/categories?post=2982"},{"taxonomy":"post_tag","embeddable":true,"href":"https:\/\/madera.airmatic.es\/ca\/wp-json\/wp\/v2\/tags?post=2982"}],"curies":[{"name":"wp","href":"https:\/\/api.w.org\/{rel}","templated":true}]}}